{"id":1824,"date":"2018-01-21T05:49:31","date_gmt":"2018-01-21T05:49:31","guid":{"rendered":"http:\/\/www.lamantin.hu\/?p=1824"},"modified":"2018-01-21T05:55:22","modified_gmt":"2018-01-21T05:55:22","slug":"uj-ev-uj-fesztival-uj-tabor","status":"publish","type":"post","link":"http:\/\/www.lamantin.hu\/?p=1824","title":{"rendered":"\u00daj \u00e9v, \u00faj fesztiv\u00e1l, \u00faj t\u00e1bor!"},"content":{"rendered":"<p>Kedves Lamantinok,<\/p>\n<p><img loading=\"lazy\" decoding=\"async\" class=\"wp-image-1827 alignright\" src=\"http:\/\/www.lamantin.hu\/wp-content\/uploads\/2018\/01\/savethedate.jpeg\" alt=\"\" width=\"220\" height=\"220\" srcset=\"http:\/\/www.lamantin.hu\/wp-content\/uploads\/2018\/01\/savethedate.jpeg 500w, http:\/\/www.lamantin.hu\/wp-content\/uploads\/2018\/01\/savethedate-150x150.jpeg 150w, http:\/\/www.lamantin.hu\/wp-content\/uploads\/2018\/01\/savethedate-400x400.jpeg 400w\" sizes=\"(max-width: 220px) 100vw, 220px\" \/><\/p>\n<p>&nbsp;<\/p>\n<p>megvan az idei Lamantin Jazz Fesztiv\u00e1l \u00e9s Improviz\u00e1ci\u00f3s T\u00e1bor id\u0151pontja:\u00a0<strong>2018. j\u00fanius 24-30.<\/strong><\/p>\n<p>V\u00e1runk\u00a0minden r\u00e9gi \u00e9s \u00faj jazz-rajong\u00f3t!<\/p>\n<p>&nbsp;<\/p>\n","protected":false},"excerpt":{"rendered":"<p>Kedves Lamantinok, &nbsp; megvan az idei Lamantin Jazz Fesztiv\u00e1l \u00e9s Improviz\u00e1ci\u00f3s T\u00e1bor id\u0151pontja:\u00a02018. j\u00fanius 24-30. V\u00e1runk\u00a0minden r\u00e9gi \u00e9s \u00faj jazz-rajong\u00f3t! &nbsp;<\/p>\n","protected":false},"author":2,"featured_media":1827,"comment_status":"closed","ping_status":"closed","sticky":false,"template":"","format":"standard","meta":{"footnotes":""},"categories":[132,128,130],"tags":[],"_links":{"self":[{"href":"http:\/\/www.lamantin.hu\/index.php?rest_route=\/wp\/v2\/posts\/1824"}],"collection":[{"href":"http:\/\/www.lamantin.hu\/index.php?rest_route=\/wp\/v2\/posts"}],"about":[{"href":"http:\/\/www.lamantin.hu\/index.php?rest_route=\/wp\/v2\/types\/post"}],"author":[{"embeddable":true,"href":"http:\/\/www.lamantin.hu\/index.php?rest_route=\/wp\/v2\/users\/2"}],"replies":[{"embeddable":true,"href":"http:\/\/www.lamantin.hu\/index.php?rest_route=%2Fwp%2Fv2%2Fcomments&post=1824"}],"version-history":[{"count":4,"href":"http:\/\/www.lamantin.hu\/index.php?rest_route=\/wp\/v2\/posts\/1824\/revisions"}],"predecessor-version":[{"id":1829,"href":"http:\/\/www.lamantin.hu\/index.php?rest_route=\/wp\/v2\/posts\/1824\/revisions\/1829"}],"wp:featuredmedia":[{"embeddable":true,"href":"http:\/\/www.lamantin.hu\/index.php?rest_route=\/wp\/v2\/media\/1827"}],"wp:attachment":[{"href":"http:\/\/www.lamantin.hu\/index.php?rest_route=%2Fwp%2Fv2%2Fmedia&parent=1824"}],"wp:term":[{"taxonomy":"category","embeddable":true,"href":"http:\/\/www.lamantin.hu\/index.php?rest_route=%2Fwp%2Fv2%2Fcategories&post=1824"},{"taxonomy":"post_tag","embeddable":true,"href":"http:\/\/www.lamantin.hu\/index.php?rest_route=%2Fwp%2Fv2%2Ftags&post=1824"}],"curies":[{"name":"wp","href":"https:\/\/api.w.org\/{rel}","templated":true}]}}