{"id":1849,"date":"2018-02-05T11:15:20","date_gmt":"2018-02-05T11:15:20","guid":{"rendered":"http:\/\/www.lamantin.hu\/?p=1849"},"modified":"2018-02-05T11:18:39","modified_gmt":"2018-02-05T11:18:39","slug":"a-jazz-showcase-lamantin-kulondijasa-the-coquette-jazz-band","status":"publish","type":"post","link":"http:\/\/www.lamantin.hu\/?p=1849","title":{"rendered":"A Jazz Showcase Lamantin-k\u00fcl\u00f6nd\u00edjasa: The Coquette Jazz Band!"},"content":{"rendered":"<p>A M\u00dcPA \u00e1ltal \u00e9vente megrendezett Jazz Showcase tehets\u00e9gkutat\u00f3ra id\u00e9n mi is deleg\u00e1ltunk egy zs\u0171ri tagot: T\u00edm\u00e1r Gerg\u0151 k\u00e9pviselte a Lamantint. Nem is \u00e9rkezett \u00fcres k\u00e9zzel, vitt mag\u00e1val egy k\u00fcl\u00f6nd\u00edjat: egy fell\u00e9p\u00e9si lehet\u0151s\u00e9get az idei Lamantin Jazz Fesztiv\u00e1lra! A d\u00edj nyertese pedig nem m\u00e1s, mint<\/p>\n<p><img loading=\"lazy\" decoding=\"async\" class=\"aligncenter  wp-image-1852\" src=\"http:\/\/www.lamantin.hu\/wp-content\/uploads\/2018\/02\/DSC_0659_crop.jpg\" alt=\"\" width=\"352\" height=\"338\" srcset=\"http:\/\/www.lamantin.hu\/wp-content\/uploads\/2018\/02\/DSC_0659_crop.jpg 2240w, http:\/\/www.lamantin.hu\/wp-content\/uploads\/2018\/02\/DSC_0659_crop-400x384.jpg 400w, http:\/\/www.lamantin.hu\/wp-content\/uploads\/2018\/02\/DSC_0659_crop-768x738.jpg 768w, http:\/\/www.lamantin.hu\/wp-content\/uploads\/2018\/02\/DSC_0659_crop-1024x984.jpg 1024w\" sizes=\"(max-width: 352px) 100vw, 352px\" \/><\/p>\n<h2 style=\"text-align: center;\"><strong>The Coquette Jazz Band!<\/strong><\/h2>\n<p>Gratul\u00e1lunk nekik \u00e9s alig v\u00e1rjuk hogy j\u00faniusban bemutathassuk \u0151ket a Lamantin k\u00f6z\u00f6ns\u00e9g\u00e9nek is!<\/p>\n","protected":false},"excerpt":{"rendered":"<p>A M\u00dcPA \u00e1ltal \u00e9vente megrendezett Jazz Showcase tehets\u00e9gkutat\u00f3ra id\u00e9n mi is deleg\u00e1ltunk egy zs\u0171ri tagot: T\u00edm\u00e1r Gerg\u0151 k\u00e9pviselte a Lamantint. Nem is \u00e9rkezett \u00fcres k\u00e9zzel, vitt mag\u00e1val egy k\u00fcl\u00f6nd\u00edjat: egy&#8230;<\/p>\n","protected":false},"author":2,"featured_media":1852,"comment_status":"closed","ping_status":"closed","sticky":false,"template":"","format":"standard","meta":{"footnotes":""},"categories":[132,128],"tags":[],"_links":{"self":[{"href":"http:\/\/www.lamantin.hu\/index.php?rest_route=\/wp\/v2\/posts\/1849"}],"collection":[{"href":"http:\/\/www.lamantin.hu\/index.php?rest_route=\/wp\/v2\/posts"}],"about":[{"href":"http:\/\/www.lamantin.hu\/index.php?rest_route=\/wp\/v2\/types\/post"}],"author":[{"embeddable":true,"href":"http:\/\/www.lamantin.hu\/index.php?rest_route=\/wp\/v2\/users\/2"}],"replies":[{"embeddable":true,"href":"http:\/\/www.lamantin.hu\/index.php?rest_route=%2Fwp%2Fv2%2Fcomments&post=1849"}],"version-history":[{"count":2,"href":"http:\/\/www.lamantin.hu\/index.php?rest_route=\/wp\/v2\/posts\/1849\/revisions"}],"predecessor-version":[{"id":1853,"href":"http:\/\/www.lamantin.hu\/index.php?rest_route=\/wp\/v2\/posts\/1849\/revisions\/1853"}],"wp:featuredmedia":[{"embeddable":true,"href":"http:\/\/www.lamantin.hu\/index.php?rest_route=\/wp\/v2\/media\/1852"}],"wp:attachment":[{"href":"http:\/\/www.lamantin.hu\/index.php?rest_route=%2Fwp%2Fv2%2Fmedia&parent=1849"}],"wp:term":[{"taxonomy":"category","embeddable":true,"href":"http:\/\/www.lamantin.hu\/index.php?rest_route=%2Fwp%2Fv2%2Fcategories&post=1849"},{"taxonomy":"post_tag","embeddable":true,"href":"http:\/\/www.lamantin.hu\/index.php?rest_route=%2Fwp%2Fv2%2Ftags&post=1849"}],"curies":[{"name":"wp","href":"https:\/\/api.w.org\/{rel}","templated":true}]}}