{"id":1855,"date":"2018-02-12T15:56:45","date_gmt":"2018-02-12T15:56:45","guid":{"rendered":"http:\/\/www.lamantin.hu\/?p=1855"},"modified":"2018-02-12T15:58:45","modified_gmt":"2018-02-12T15:58:45","slug":"a-lamantin-klub-februari-musora-urban-orsi-group","status":"publish","type":"post","link":"http:\/\/www.lamantin.hu\/?p=1855","title":{"rendered":"A Lamantin Klub febru\u00e1ri m\u0171sora: Urb\u00e1n Orsi Group"},"content":{"rendered":"<p><strong>2018. febru\u00e1r 23. (p\u00e9ntek) 20:00<\/strong><br \/>\n<strong> Helysz\u00edn: We\u00f6res S\u00e1ndor Sz\u00ednh\u00e1z\u00a0 &#8211; Kr\u00fady Klub &amp; \u00c9tterem<\/strong><\/p>\n<p><img loading=\"lazy\" decoding=\"async\" class=\"wp-image-1857 alignleft\" src=\"http:\/\/www.lamantin.hu\/wp-content\/uploads\/2018\/02\/Urb\u00e1n-Orsi3.jpg\" alt=\"\" width=\"432\" height=\"288\" srcset=\"http:\/\/www.lamantin.hu\/wp-content\/uploads\/2018\/02\/Urb\u00e1n-Orsi3.jpg 5472w, http:\/\/www.lamantin.hu\/wp-content\/uploads\/2018\/02\/Urb\u00e1n-Orsi3-400x267.jpg 400w, http:\/\/www.lamantin.hu\/wp-content\/uploads\/2018\/02\/Urb\u00e1n-Orsi3-768x512.jpg 768w, http:\/\/www.lamantin.hu\/wp-content\/uploads\/2018\/02\/Urb\u00e1n-Orsi3-1024x683.jpg 1024w\" sizes=\"(max-width: 432px) 100vw, 432px\" \/><\/p>\n<p><strong>Urb\u00e1n Orsi<\/strong> haz\u00e1nk egyik kiemelked\u0151 jazz-\u00e9nekesn\u0151je, rendszeresen koncertez\u0151 muzsikus, a Bart\u00f3k B\u00e9la Zenem\u0171v\u00e9szeti Szakk\u00f6z\u00e9piskola jazz\u00e9nek tan\u00e1ra \u00e9s az RTL Klub tehets\u00e9gkutat\u00f3 m\u0171sorainak felk\u00e9sz\u00edt\u0151 tan\u00e1ra. M\u00e9ly t\u00f3nus\u00fa, karakteres hangja k\u00fcl\u00f6nleges sz\u00ednt ad a zen\u00e9nek, \u00edgy rengeteg produkci\u00f3ba h\u00edvj\u00e1k (Jazzsteps, Avocaldo, Coolactive, Enjoy). Olyan h\u00edres m\u0171v\u00e9szek \u00e9s zenekarok lemezein hallhatjuk, mint a Budapest Jazz Orchestra, Gerend\u00e1s P\u00e9ter vagy a Benk\u00f3 Dixieland Band, s emellett saj\u00e1t lemezt is k\u00e9sz\u00edtett Mindig j\u00e1t\u00e9k c\u00edmmel, mely Fonogram-d\u00edj jel\u00f6l\u00e9st is kapott. A Budapest Jazz Orchestra gyakran h\u00edvja sz\u00f3list\u00e1nak.<\/p>\n<p><strong>Schreck Ferenc<\/strong> eMeRTon-d\u00edjas harsonam\u0171v\u00e9sz, a Budapest Jazz Orchestra alap\u00edt\u00f3 tagja. 2003-ig j\u00e1tszott a legend\u00e1s St\u00fadi\u00f3 11 zenekarban, \u00e9s r\u00e9szt vett t\u00f6bb sz\u00e1mos nemzetk\u00f6zi big band produkci\u00f3ban is.<\/p>\n<p><strong>R\u00e9v\u00e9sz Rich\u00e1rd<\/strong> az orsz\u00e1g els\u0151sz\u00e1m\u00fa latin-jazz zongorist\u00e1ja. Saj\u00e1t tri\u00f3j\u00e1n k\u00edv\u00fcl tagja volt a Ricardo Salsa Club-nak, a Fiest\u00e1-nak, \u00e9s sorolhatn\u00e1nk\u00a0 a h\u00edresebbn\u00e9l-h\u00edresebb jazz \u00e9s pop produkci\u00f3kat, melyekben zongor\u00e1zott.<\/p>\n<p><strong>H\u00e1rs Viktor<\/strong> Atrisjus-d\u00edjas m\u0171v\u00e9sz, a Budapest Jazz Orchestra tagja, a K\u0151b\u00e1nyai Zenei St\u00fadi\u00f3 tan\u00e1ra, az egyik legfoglalkoztatottabb b\u0151g\u0151s, basszusgit\u00e1ros Magyarorsz\u00e1gon. Sz\u00e1mtalan magyar h\u00edress\u00e9g mellett olyan vil\u00e1gszt\u00e1rokkal j\u00e1tszott egy\u00fctt, mint Ernie Wilkins, Tony Scott, Ed Thigpen, Fred Hersch, Al Jarreau, Al Di Meola, Trilok Gurtu \u00e9s Johnny Griffin.<\/p>\n<p>Jegy\u00e1r: 1000 Ft<\/p>\n<p>A koncert t\u00e1mogat\u00f3ja: Magyar Jazz Sz\u00f6vets\u00e9g, NKA<\/p>\n","protected":false},"excerpt":{"rendered":"<p>2018. febru\u00e1r 23. (p\u00e9ntek) 20:00 Helysz\u00edn: We\u00f6res S\u00e1ndor Sz\u00ednh\u00e1z\u00a0 &#8211; Kr\u00fady Klub &amp; \u00c9tterem Urb\u00e1n Orsi haz\u00e1nk egyik kiemelked\u0151 jazz-\u00e9nekesn\u0151je, rendszeresen koncertez\u0151 muzsikus, a Bart\u00f3k B\u00e9la Zenem\u0171v\u00e9szeti Szakk\u00f6z\u00e9piskola jazz\u00e9nek tan\u00e1ra&#8230;<\/p>\n","protected":false},"author":2,"featured_media":1857,"comment_status":"closed","ping_status":"closed","sticky":false,"template":"","format":"standard","meta":{"footnotes":""},"categories":[128,8],"tags":[],"_links":{"self":[{"href":"http:\/\/www.lamantin.hu\/index.php?rest_route=\/wp\/v2\/posts\/1855"}],"collection":[{"href":"http:\/\/www.lamantin.hu\/index.php?rest_route=\/wp\/v2\/posts"}],"about":[{"href":"http:\/\/www.lamantin.hu\/index.php?rest_route=\/wp\/v2\/types\/post"}],"author":[{"embeddable":true,"href":"http:\/\/www.lamantin.hu\/index.php?rest_route=\/wp\/v2\/users\/2"}],"replies":[{"embeddable":true,"href":"http:\/\/www.lamantin.hu\/index.php?rest_route=%2Fwp%2Fv2%2Fcomments&post=1855"}],"version-history":[{"count":3,"href":"http:\/\/www.lamantin.hu\/index.php?rest_route=\/wp\/v2\/posts\/1855\/revisions"}],"predecessor-version":[{"id":1859,"href":"http:\/\/www.lamantin.hu\/index.php?rest_route=\/wp\/v2\/posts\/1855\/revisions\/1859"}],"wp:featuredmedia":[{"embeddable":true,"href":"http:\/\/www.lamantin.hu\/index.php?rest_route=\/wp\/v2\/media\/1857"}],"wp:attachment":[{"href":"http:\/\/www.lamantin.hu\/index.php?rest_route=%2Fwp%2Fv2%2Fmedia&parent=1855"}],"wp:term":[{"taxonomy":"category","embeddable":true,"href":"http:\/\/www.lamantin.hu\/index.php?rest_route=%2Fwp%2Fv2%2Fcategories&post=1855"},{"taxonomy":"post_tag","embeddable":true,"href":"http:\/\/www.lamantin.hu\/index.php?rest_route=%2Fwp%2Fv2%2Ftags&post=1855"}],"curies":[{"name":"wp","href":"https:\/\/api.w.org\/{rel}","templated":true}]}}