{"id":2041,"date":"2018-05-21T10:09:16","date_gmt":"2018-05-21T10:09:16","guid":{"rendered":"http:\/\/www.lamantin.hu\/?p=2041"},"modified":"2018-05-21T10:10:24","modified_gmt":"2018-05-21T10:10:24","slug":"berkes-gyarfas-juhasz-trio-a-lamantin-klubban","status":"publish","type":"post","link":"http:\/\/www.lamantin.hu\/?p=2041","title":{"rendered":"Berkes-Gy\u00e1rf\u00e1s-Juh\u00e1sz Trio a Lamantin Klubban"},"content":{"rendered":"<p><img loading=\"lazy\" decoding=\"async\" class=\"aligncenter size-full wp-image-2042\" src=\"http:\/\/www.lamantin.hu\/wp-content\/uploads\/2018\/05\/noname.jpg\" alt=\"\" width=\"1224\" height=\"918\" srcset=\"http:\/\/www.lamantin.hu\/wp-content\/uploads\/2018\/05\/noname.jpg 1224w, http:\/\/www.lamantin.hu\/wp-content\/uploads\/2018\/05\/noname-400x300.jpg 400w, http:\/\/www.lamantin.hu\/wp-content\/uploads\/2018\/05\/noname-768x576.jpg 768w, http:\/\/www.lamantin.hu\/wp-content\/uploads\/2018\/05\/noname-1024x768.jpg 1024w\" sizes=\"(max-width: 1224px) 100vw, 1224px\" \/><\/p>\n<p>Gy\u00e1rf\u00e1s Istv\u00e1n &#8211; git\u00e1r<br \/>\nJuh\u00e1sz G\u00e1bor &#8211; git\u00e1r<br \/>\nBerkes Bal\u00e1zs &#8211; nagyb\u0151g\u0151<\/p>\n<p>A tavaly 80 \u00e9ves Berkes Bal\u00e1zs az al\u00e1bbi aj\u00e1nl\u00f3t \u00edrta: \u201eSzinte n\u00f6vend\u00e9k koruk \u00f3ta j\u00e1tszunk egy\u00fctt k\u00e9t git\u00e1ros koll\u00e9g\u00e1mmal, Gyafival \u00e9s Gabival, sok minden m\u00e1s mellett. Szeret\u00fcnk j\u00e1tszani ebben a form\u00e1ci\u00f3ban! Nekem mindig egy \u00e9lm\u00e9ny \u00e9s meglepet\u00e9s a k\u00e9t k\u00fcl\u00f6nb\u00f6z\u0151 karakter\u0171 git\u00e1ros bar\u00e1tom k\u00f6z\u00f6s, egym\u00e1shoz alakul\u00f3 m\u0171v\u00e9szi j\u00e1t\u00e9ka! Ha van alkalmunk a k\u00f6z\u00f6s muzsik\u00e1l\u00e1sra, mindig \u00f6r\u00f6m\u00fcnkre szolg\u00e1l \u00e9s a tapasztalatok szerint a mindenkori jelenl\u00e9v\u0151 hallgat\u00f3s\u00e1gnak is!\u201d<\/p>\n<p>Id\u0151pont: 2018. m\u00e1jus 30. (szerda) 20.00<br \/>\nHelysz\u00edn: We\u00f6res S\u00e1ndor Sz\u00ednh\u00e1z Kr\u00fady B\u00e1r&amp;\u00c9tterem, Akacs M. u. 7.<br \/>\nSzervez\u0151: Improvizat\u00edv Zenem\u0171hely Egyes\u00fclet<br \/>\nBel\u00e9p\u0151: 1000 Ft<\/p>\n","protected":false},"excerpt":{"rendered":"<p>Gy\u00e1rf\u00e1s Istv\u00e1n &#8211; git\u00e1r Juh\u00e1sz G\u00e1bor &#8211; git\u00e1r Berkes Bal\u00e1zs &#8211; nagyb\u0151g\u0151 A tavaly 80 \u00e9ves Berkes Bal\u00e1zs az al\u00e1bbi aj\u00e1nl\u00f3t \u00edrta: \u201eSzinte n\u00f6vend\u00e9k koruk \u00f3ta j\u00e1tszunk egy\u00fctt k\u00e9t git\u00e1ros&#8230;<\/p>\n","protected":false},"author":2,"featured_media":2042,"comment_status":"closed","ping_status":"closed","sticky":false,"template":"","format":"standard","meta":{"footnotes":""},"categories":[128,8],"tags":[],"_links":{"self":[{"href":"http:\/\/www.lamantin.hu\/index.php?rest_route=\/wp\/v2\/posts\/2041"}],"collection":[{"href":"http:\/\/www.lamantin.hu\/index.php?rest_route=\/wp\/v2\/posts"}],"about":[{"href":"http:\/\/www.lamantin.hu\/index.php?rest_route=\/wp\/v2\/types\/post"}],"author":[{"embeddable":true,"href":"http:\/\/www.lamantin.hu\/index.php?rest_route=\/wp\/v2\/users\/2"}],"replies":[{"embeddable":true,"href":"http:\/\/www.lamantin.hu\/index.php?rest_route=%2Fwp%2Fv2%2Fcomments&post=2041"}],"version-history":[{"count":3,"href":"http:\/\/www.lamantin.hu\/index.php?rest_route=\/wp\/v2\/posts\/2041\/revisions"}],"predecessor-version":[{"id":2045,"href":"http:\/\/www.lamantin.hu\/index.php?rest_route=\/wp\/v2\/posts\/2041\/revisions\/2045"}],"wp:featuredmedia":[{"embeddable":true,"href":"http:\/\/www.lamantin.hu\/index.php?rest_route=\/wp\/v2\/media\/2042"}],"wp:attachment":[{"href":"http:\/\/www.lamantin.hu\/index.php?rest_route=%2Fwp%2Fv2%2Fmedia&parent=2041"}],"wp:term":[{"taxonomy":"category","embeddable":true,"href":"http:\/\/www.lamantin.hu\/index.php?rest_route=%2Fwp%2Fv2%2Fcategories&post=2041"},{"taxonomy":"post_tag","embeddable":true,"href":"http:\/\/www.lamantin.hu\/index.php?rest_route=%2Fwp%2Fv2%2Ftags&post=2041"}],"curies":[{"name":"wp","href":"https:\/\/api.w.org\/{rel}","templated":true}]}}