{"id":2450,"date":"2018-11-25T19:08:32","date_gmt":"2018-11-25T19:08:32","guid":{"rendered":"http:\/\/www.lamantin.hu\/?p=2450"},"modified":"2018-11-25T19:12:35","modified_gmt":"2018-11-25T19:12:35","slug":"onebeat-2019-felhivas-fiatal-zeneszeknek","status":"publish","type":"post","link":"https:\/\/www.lamantin.hu\/?p=2450","title":{"rendered":"OneBeat 2019 \/ Felh\u00edv\u00e1s fiatal zen\u00e9szeknek"},"content":{"rendered":"<p>Ez\u00faton szeretn\u00e9nk k\u00f6zz\u00e9tenni az Amerikai Nagyk\u00f6vets\u00e9g felh\u00edv\u00e1s\u00e1t:<\/p>\n<p style=\"font-weight: 400;\">Tisztelt H\u00f6lgyem\/Uram!<\/p>\n<p style=\"font-weight: 400;\">Szeretn\u00e9m felh\u00edvni a figyelm\u00e9t egy j\u00f6v\u0151 \u0151szi n\u00e9gyhetes amerikai zenei rezidencia programra \u00e9s turn\u00e9ra, amelyre\u00a0<strong>19 \u00e9s 35 \u00e9v k\u00f6z\u00f6tti fiatal magyar zen\u00e9szek<\/strong>\u00a0jelentkez\u00e9s\u00e9t v\u00e1rjuk\u00a0<strong>2018. november 19. \u00e9s december 21.<\/strong>\u00a0k\u00f6z\u00f6tt a zenei m\u0171fajok sz\u00e9les sk\u00e1l\u00e1j\u00e1r\u00f3l. A program minden k\u00f6lts\u00e9g\u00e9t (bele\u00e9rtve az utaz\u00e1s, sz\u00e1ll\u00e1s, \u00e9lelmez\u00e9s stb.) az Amerikai K\u00fcl\u00fcgyminiszt\u00e9rium \u00e1llja.<\/p>\n<p style=\"font-weight: 400;\">A program sor\u00e1n nemcsak k\u00fcl\u00f6nleges zenei egy\u00fcttm\u0171k\u00f6d\u00e9sek l\u00e9trehoz\u00e1s\u00e1ra lesz lehet\u0151s\u00e9g m\u00e1s orsz\u00e1gok m\u0171v\u00e9szeivel, hanem a k\u00f6z\u00f6ss\u00e9gi \u00e9s oktat\u00e1si programokon kereszt\u00fcl tudj\u00e1k a kiv\u00e1lasztott m\u0171v\u00e9szek megismerni a t\u00e1rsadalmi felel\u0151ss\u00e9gv\u00e1llal\u00e1s amerikai \u00e9rt\u00e9keit. A jelentkez\u0151ket h\u00e1rom krit\u00e9rium (zenei kiv\u00e1l\u00f3s\u00e1g, kult\u00far\u00e1kon \u00e1t\u00edvel\u0151 egy\u00fcttm\u0171k\u00f6d\u00e9si k\u00e9szs\u00e9g, valamint t\u00e1rsadalmi szerepv\u00e1llal\u00e1sra val\u00f3 nyitotts\u00e1g) alapj\u00e1n \u00e9rt\u00e9kelik, \u00e9s ezek alapj\u00e1n v\u00e1lasztj\u00e1k ki egy nemzetk\u00f6zi mer\u00edt\u00e9sb\u0151l azt a 25 zen\u00e9szt, aki j\u00f6v\u0151re r\u00e9szt vehet a programban.<\/p>\n<p style=\"font-weight: 400;\">A programr\u00f3l b\u0151vebb angol nyelv\u0171 t\u00e1j\u00e9koztat\u00e1st a\u00a0<a href=\"https:\/\/hu.usembassy.gov\/education-culture\/educational-exchanges\/onebeat-for-musicians\/\" data-saferedirecturl=\"https:\/\/www.google.com\/url?q=https:\/\/hu.usembassy.gov\/education-culture\/educational-exchanges\/onebeat-for-musicians\/&amp;source=gmail&amp;ust=1543223995945000&amp;usg=AFQjCNH_f--GA8Js3zFF-p6fTcc7aIcpmw\">https:\/\/hu.usembassy.gov\/education-culture\/educational-exchanges\/onebeat-for-musicians\/<\/a>\u00a0oldalon kaphat, illetve a szakmai jelentkez\u00e9seket zenei mint\u00e1kkal a nagyk\u00f6vets\u00e9g oldal\u00e1ra itt belinkelt amerikai oldalon lehet felt\u00f6lteni.\u00a0Az oldal a mai nap folyam\u00e1n v\u00e1lik akt\u00edvv\u00e1. (Az oldal magyar ford\u00edt\u00e1ssal itt el\u00e9rhet\u0151:\u00a0(<a href=\"https:\/\/hu.usembassy.gov\/hu\/education-culture-hu\/educational-exchanges-hu\/onebeat-for-musicians\/\" data-saferedirecturl=\"https:\/\/www.google.com\/url?q=https:\/\/hu.usembassy.gov\/hu\/education-culture-hu\/educational-exchanges-hu\/onebeat-for-musicians\/&amp;source=gmail&amp;ust=1543223995945000&amp;usg=AFQjCNE1Lr80ENOnQwjcVkvBAmjECf90zg\">https:\/\/hu.usembassy.gov\/hu\/education-culture-hu\/educational-exchanges-hu\/onebeat-for-musicians\/<\/a>)<\/p>\n<p style=\"font-weight: 400;\">Angolul t\u00e1rsas\u00e1gi szinten \u00e9rt\u0151 \u00e9s besz\u00e9l\u0151, a zen\u00e9n kereszt\u00fcl a k\u00f6z\u00f6ss\u00e9g\u00fck\u00e9rt &#8211; a fiatalok zenei oktat\u00e1s\u00e1\u00e9rt \u00e9s a j\u00f6v\u0151 nemzed\u00e9k zenei nevel\u00e9s\u00e9\u00e9rt, a t\u00e1rsadalmi\u00a0 \u00e9s kultur\u00e1lis korl\u00e1tok lebont\u00e1s\u00e1\u00e9rt &#8211; felel\u0151ss\u00e9get v\u00e1llal\u00f3 fiatal zen\u00e9szek jelentkez\u00e9s\u00e9t v\u00e1rjuk a hip-hop, az elektromos zene, a hagyom\u00e1nyos n\u00e9pzene, a jazz, a k\u00eds\u00e9rleti, az underground valamint a klasszikus zene illetve egy\u00e9b m\u0171fajok ter\u00fclet\u00e9r\u0151l, de DJ-ket, hangm\u00e9rn\u00f6k\u00f6ket, illetve hangm\u0171v\u00e9szeti install\u00e1ci\u00f3k k\u00e9sz\u00edt\u0151it is v\u00e1runk!<\/p>\n","protected":false},"excerpt":{"rendered":"<p>Ez\u00faton szeretn\u00e9nk k\u00f6zz\u00e9tenni az Amerikai Nagyk\u00f6vets\u00e9g felh\u00edv\u00e1s\u00e1t: Tisztelt H\u00f6lgyem\/Uram! Szeretn\u00e9m felh\u00edvni a figyelm\u00e9t egy j\u00f6v\u0151 \u0151szi n\u00e9gyhetes amerikai zenei rezidencia programra \u00e9s turn\u00e9ra, amelyre\u00a019 \u00e9s 35 \u00e9v k\u00f6z\u00f6tti fiatal magyar&#8230;<\/p>\n","protected":false},"author":2,"featured_media":2233,"comment_status":"closed","ping_status":"closed","sticky":false,"template":"","format":"standard","meta":{"footnotes":""},"categories":[128],"tags":[],"_links":{"self":[{"href":"https:\/\/www.lamantin.hu\/index.php?rest_route=\/wp\/v2\/posts\/2450"}],"collection":[{"href":"https:\/\/www.lamantin.hu\/index.php?rest_route=\/wp\/v2\/posts"}],"about":[{"href":"https:\/\/www.lamantin.hu\/index.php?rest_route=\/wp\/v2\/types\/post"}],"author":[{"embeddable":true,"href":"https:\/\/www.lamantin.hu\/index.php?rest_route=\/wp\/v2\/users\/2"}],"replies":[{"embeddable":true,"href":"https:\/\/www.lamantin.hu\/index.php?rest_route=%2Fwp%2Fv2%2Fcomments&post=2450"}],"version-history":[{"count":2,"href":"https:\/\/www.lamantin.hu\/index.php?rest_route=\/wp\/v2\/posts\/2450\/revisions"}],"predecessor-version":[{"id":2452,"href":"https:\/\/www.lamantin.hu\/index.php?rest_route=\/wp\/v2\/posts\/2450\/revisions\/2452"}],"wp:featuredmedia":[{"embeddable":true,"href":"https:\/\/www.lamantin.hu\/index.php?rest_route=\/wp\/v2\/media\/2233"}],"wp:attachment":[{"href":"https:\/\/www.lamantin.hu\/index.php?rest_route=%2Fwp%2Fv2%2Fmedia&parent=2450"}],"wp:term":[{"taxonomy":"category","embeddable":true,"href":"https:\/\/www.lamantin.hu\/index.php?rest_route=%2Fwp%2Fv2%2Fcategories&post=2450"},{"taxonomy":"post_tag","embeddable":true,"href":"https:\/\/www.lamantin.hu\/index.php?rest_route=%2Fwp%2Fv2%2Ftags&post=2450"}],"curies":[{"name":"wp","href":"https:\/\/api.w.org\/{rel}","templated":true}]}}